[{"@context":"https:\/\/schema.org\/","@type":"Article","@id":"https:\/\/www.bsbv.cz\/vse-pro-deti\/#Article","mainEntityOfPage":"https:\/\/www.bsbv.cz\/vse-pro-deti\/","headline":"V\u0161e pro d\u011bti","name":"V\u0161e pro d\u011bti","description":"V\u017edycky jsem se t\u011b\u0161ila, a\u017e budu m\u00edt u\u017e d\u011bti. J\u00e1<a href=\"https:\/\/www.bsbv.cz\/vse-pro-deti\/\" class=\"darkbiz-read-more\">Read More<i class=\"fa fa-long-arrow-right\" aria-hidden=\"true\"><\/i><\/a>","datePublished":"2022-11-09","dateModified":"2023-06-12","author":{"@type":"Person","@id":"https:\/\/www.bsbv.cz\/author\/#Person","name":"","url":"https:\/\/www.bsbv.cz\/author\/","identifier":1,"image":{"@type":"ImageObject","@id":"https:\/\/secure.gravatar.com\/avatar\/f7b3e8bb7f7cc0c6ca940e74a10b952be4c7d81de8a980387c865f88889f02e3?s=96&d=mm&r=g","url":"https:\/\/secure.gravatar.com\/avatar\/f7b3e8bb7f7cc0c6ca940e74a10b952be4c7d81de8a980387c865f88889f02e3?s=96&d=mm&r=g","height":96,"width":96}},"publisher":{"@type":"Organization","name":"bsbv.cz","logo":{"@type":"ImageObject","@id":"\/logo.png","url":"\/logo.png","width":600,"height":60}},"image":{"@type":"ImageObject","@id":"https:\/\/www.bsbv.cz\/wp-content\/uploads\/park-3089907_1280.jpg","url":"https:\/\/www.bsbv.cz\/wp-content\/uploads\/park-3089907_1280.jpg","height":0,"width":0},"url":"https:\/\/www.bsbv.cz\/vse-pro-deti\/","about":["D\u011bti"],"wordCount":425,"articleBody":"V\u017edycky jsem se t\u011b\u0161ila, a\u017e budu m\u00edt u\u017e d\u011bti. J\u00e1 jsem toti\u017e d\u011bti opravdu dlouho odkl\u00e1dala, tak\u017ee potom kdy\u017e jsem se s p\u0159\u00edtelem dohodla, \u017ee si u\u017e kone\u010dn\u011b po\u0159\u00edd\u00edme d\u011bti, tak jsem byla opravdu sedm\u00e9m nebi. Proto\u017ee p\u0159\u00edtel mi st\u00e1le dokola vypr\u00e1v\u011bl to, jak jeho sestra nemohla v\u016fbec ot\u011bhotn\u011bt. Ani se nedok\u00e1\u017eete p\u0159edstavit moje obavy, kdy\u017e jsem o tom sly\u0161ela, kdy\u017e m\u016fj p\u0159\u00edtel \u0159ekl, \u017ee jeho sestra ot\u011bhotn\u011bla asi a\u017e po p\u011bti letech, a to um\u011bl\u00fdm oplodn\u011bn\u00edm. Opravdu jsem si tohle nedok\u00e1zala p\u0159edstavit. J\u00e1 jsem toti\u017e velice takov\u00e1 b\u00e1zliv\u00e1 a boj\u00edm se bolesti anebo jsem hodn\u011b ve stresu, tak\u017ee jsem si nedok\u00e1zala p\u0159edstavit, \u017ee j\u00e1 bych musela j\u00edt potom n\u011bkdy v budoucnu na um\u011bl\u00e9 oplodn\u011bn\u00ed. \u0158eknu v\u00e1m, \u017ee toho jsem m\u011bla opravdu velik\u00fd strach. Proto\u017ee d\u011bti m\u00e1m opravdu hodn\u011b r\u00e1da, tak\u017ee jsem cht\u011bla, aby v\u0161echno bylo opravdu v po\u0159\u00e1dku a abych ot\u011bhotn\u011bla co nejrychleji. Tak\u017ee jsme se s p\u0159\u00edtelem dohodli, \u017ee za\u010dnu br\u00e1t n\u011bjak\u00e9 podp\u016frn\u00e9 vitam\u00edny na ot\u011bhotn\u011bn\u00ed a \u017ee se za\u010dneme sna\u017eit o d\u00edt\u011b co nejd\u0159\u00edve. Jak\u00e9 ale bylo to moje p\u0159ekvapen\u00ed, kdy\u017e jsem do dvou m\u011bs\u00edc\u016f zjistila, \u017ee jsem t\u011bhotn\u00e1! A kdy\u017e jsem tohle ozn\u00e1mila sv\u00e9mu p\u0159\u00edteli, tak tomu nemohl ani v\u011b\u0159it. P\u0159\u00edtel byl opravdu hodn\u011b \u0161\u0165astn\u00fd, p\u0159esn\u011b tak, jak jsem doufala. Tak\u00e9 se p\u0159\u00edtel rozpl\u00fdval nad skute\u010dnost\u00ed, \u017ee on bude otcem. A to moje rodina tak\u00e9, proto\u017ee moje rodina u\u017e se t\u011b\u0161ila tak\u00e9 na vnou\u010de jako na Bo\u017e\u00ed smilov\u00e1n\u00ed, tak\u017ee jsme vlastn\u011b byli opravdu v\u0161ichni \u0161\u0165astn\u00ed. A to tak\u00e9 rodi\u010de od p\u0159\u00edtele, proto\u017ee p\u0159\u00edtelovi rodi\u010de se tak\u00e9 u\u017e t\u011b\u0161ili vnou\u010de, tak\u017ee jsme opravdu r\u00e1di, \u017ee z na\u0161eho potomka je opravdu \u0161\u0165astn\u00e1 a vesel\u00e1 cel\u00e1 rodina. Zn\u00e1m toti\u017e bohu\u017eel i n\u011bkolik p\u0159\u00edpad\u016f, kdy rodina byla velmi ne\u0161\u0165astn\u00e1\u00a0toho, \u017ee bude do rodiny\u00a0p\u0159\u00edr\u016fstek. N\u011bkdo d\u011bti moc nemus\u00ed, ale j\u00e1 jsem r\u00e1da, \u017ee m\u011b se splnil sen a budou u\u017e kone\u010dn\u011b m\u00e1ma. P\u0159esn\u011b tak, jak\u00a0jsem si celou dobu p\u0159\u00e1la.                                                                                                                                                                                                                                                                                                                                                                                        3.8\/5 - (6 votes)        "},{"@context":"https:\/\/schema.org\/","@type":"BreadcrumbList","itemListElement":[{"@type":"ListItem","position":1,"name":"V\u0161e pro d\u011bti","item":"https:\/\/www.bsbv.cz\/vse-pro-deti\/#breadcrumbitem"}]}]