[{"@context":"https:\/\/schema.org\/","@type":"Article","@id":"https:\/\/www.bsbv.cz\/nechci-byt-videt\/#Article","mainEntityOfPage":"https:\/\/www.bsbv.cz\/nechci-byt-videt\/","headline":"Nechci b\u00fdt vid\u011bt!","name":"Nechci b\u00fdt vid\u011bt!","description":"Kdy\u017e jsme se roze\u0161li s m\u00fdm partnerem, \u0159e\u0161ila jsem hodn\u011b<a href=\"https:\/\/www.bsbv.cz\/nechci-byt-videt\/\" class=\"darkbiz-read-more\">Read More<i class=\"fa fa-long-arrow-right\" aria-hidden=\"true\"><\/i><\/a>","datePublished":"2024-12-25","dateModified":"2024-12-25","author":{"@type":"Person","@id":"https:\/\/www.bsbv.cz\/author\/#Person","name":"","url":"https:\/\/www.bsbv.cz\/author\/","identifier":1,"image":{"@type":"ImageObject","@id":"https:\/\/secure.gravatar.com\/avatar\/f7b3e8bb7f7cc0c6ca940e74a10b952be4c7d81de8a980387c865f88889f02e3?s=96&d=mm&r=g","url":"https:\/\/secure.gravatar.com\/avatar\/f7b3e8bb7f7cc0c6ca940e74a10b952be4c7d81de8a980387c865f88889f02e3?s=96&d=mm&r=g","height":96,"width":96}},"publisher":{"@type":"Organization","name":"bsbv.cz","logo":{"@type":"ImageObject","@id":"\/logo.png","url":"\/logo.png","width":600,"height":60}},"url":"https:\/\/www.bsbv.cz\/nechci-byt-videt\/","wordCount":272,"articleBody":"Kdy\u017e jsme se roze\u0161li s m\u00fdm partnerem, \u0159e\u0161ila jsem hodn\u011b probl\u00e9m, kter\u00fd nen\u00ed \u00fapln\u011b p\u0159\u00edjemn\u00e9 \u0159e\u0161it. M\u011bla jsem novou zn\u00e1most a necht\u011bla jsem, aby n\u00e1s v\u0161ichni, co n\u00e1s uvid\u00ed, hned poznali a hl\u00e1sili to m\u00e9mu b\u00fdval\u00e9mu mu\u017ei. Dlouho jsme se s nov\u00fdm p\u0159\u00edtelem schov\u00e1vali a dlouho n\u00e1m to tolik nevadilo, ale postupem \u010dasu, jak ub\u00edhal \u010das, jsme cht\u011bli j\u00edt do spole\u010dnosti, ale nebyli jsme si je\u0161t\u011b jist\u00ed, zda u\u017e je vhodn\u00e1 doba v\u0161echny informovat o tom, \u017ee pr\u00e1v\u011b my dva jsme p\u00e1r. Sami jsme nev\u011bd\u011bli, jakou budoucnost m\u00e1me p\u0159ed sebou. Jednoho dne jsem se tedy rozhodla, \u017ee si po\u0159\u00edd\u00edm paruku. Zm\u011bna! Nev\u011b\u0159ili byste, jakou pr\u00e1ci v tomto sm\u011bru ud\u011bl\u00e1 zm\u011bna vlas\u016f. V\u017edy jsem m\u011bla dlouho blond vlasy. Paruka, kterou jsem si po\u0159\u00eddila byla s kr\u00e1tk\u00fdmi prav\u00fdmi vlasy. Tyto vlasy v\u0161ak byly hodn\u011b tmav\u011b hn\u011bd\u00e9. V\u017edy jsem se sm\u00e1la film\u016fm, ve kter\u00e9m m\u00e1tly postavy detektivy zm\u011bnou vlas\u016f. A\u017e do te\u010f jsem toti\u017e v\u011b\u0159ila tomu, \u017ee kdy\u017e V\u00e1s n\u011bkdo zn\u00e1, tak V\u00e1s pozn\u00e1 i s jin\u00fdmi vlasy. Samoz\u0159ejm\u011b, kdy\u017e V\u00e1s n\u011bkdo zn\u00e1 dob\u0159e, tak V\u00e1s pozn\u00e1 hned, ale pokud je to jen n\u011bjak\u00fd zn\u00e1m\u00fd, kter\u00e9ho v\u00edd\u00e1te jednou v roce, v\u016fbec ho nenapadne, \u017ee byste to mohla b\u00fdt pr\u00e1v\u011b Vy.                                                                                                                                                                                                                                                                                                                                                                                        3\/5 - (2 votes)        "},{"@context":"https:\/\/schema.org\/","@type":"BreadcrumbList","itemListElement":[{"@type":"ListItem","position":1,"name":"Nechci b\u00fdt vid\u011bt!","item":"https:\/\/www.bsbv.cz\/nechci-byt-videt\/#breadcrumbitem"}]}]