[{"@context":"https:\/\/schema.org\/","@type":"Article","@id":"https:\/\/www.bsbv.cz\/maly-prostor\/#Article","mainEntityOfPage":"https:\/\/www.bsbv.cz\/maly-prostor\/","headline":"Mal\u00fd prostor?","name":"Mal\u00fd prostor?","description":"Je zvl\u00e1\u0161tn\u00ed \u017ee si tolik lid\u00ed mysl\u00ed, \u017ee \u010d\u00edm v\u00edce<a href=\"https:\/\/www.bsbv.cz\/maly-prostor\/\" class=\"darkbiz-read-more\">Read More<i class=\"fa fa-long-arrow-right\" aria-hidden=\"true\"><\/i><\/a>","datePublished":"2023-03-19","dateModified":"2023-03-19","author":{"@type":"Person","@id":"https:\/\/www.bsbv.cz\/author\/#Person","name":"","url":"https:\/\/www.bsbv.cz\/author\/","identifier":1,"image":{"@type":"ImageObject","@id":"https:\/\/secure.gravatar.com\/avatar\/f7b3e8bb7f7cc0c6ca940e74a10b952be4c7d81de8a980387c865f88889f02e3?s=96&d=mm&r=g","url":"https:\/\/secure.gravatar.com\/avatar\/f7b3e8bb7f7cc0c6ca940e74a10b952be4c7d81de8a980387c865f88889f02e3?s=96&d=mm&r=g","height":96,"width":96}},"publisher":{"@type":"Organization","name":"bsbv.cz","logo":{"@type":"ImageObject","@id":"\/logo.png","url":"\/logo.png","width":600,"height":60}},"image":{"@type":"ImageObject","@id":"https:\/\/www.bsbv.cz\/wp-content\/uploads\/barn-door-g30931de16_640.jpg","url":"https:\/\/www.bsbv.cz\/wp-content\/uploads\/barn-door-g30931de16_640.jpg","height":0,"width":0},"url":"https:\/\/www.bsbv.cz\/maly-prostor\/","about":["Byt a d\u016fm"],"wordCount":424,"articleBody":"   Je zvl\u00e1\u0161tn\u00ed \u017ee si tolik lid\u00ed mysl\u00ed, \u017ee \u010d\u00edm v\u00edce podlahov\u00e9 plochy budou m\u00edt k dispozici, t\u00edm pohodln\u011bj\u0161\u00ed bydlen\u00ed budou m\u00edt. V\u011bt\u0161\u00ed byt nebo d\u016fm ale rozhodn\u011b automaticky neznamen\u00e1 \u0161\u0165astn\u011bj\u0161\u00ed \u017eivot, n\u011bkdy je to sp\u00ed\u0161 naopak. Je pot\u0159eba si uv\u011bdomit \u017ee v\u011bci by m\u011bly slou\u017eit n\u00e1m a ne my jim. Je asi jasn\u00e9, \u017ee v p\u0159\u00edpad\u011b \u017ee si po\u0159\u00edd\u00edte obrovsk\u00fd d\u016fm, \u017ee budete pot\u0159ebovat hodn\u011b \u010dasu na to abyste ho uklidili. Opravdu chcete tr\u00e1vit \u00faklidem v\u011bt\u0161inu sv\u00e9ho voln\u00e9ho \u010dasu? Takov\u00e9 v\u011bci mnoho lid\u00ed nenapadnou hned, proto\u017ee maj\u00ed \u00fasudek zast\u0159en\u00fd t\u00edm, co cht\u011bj\u00ed. Ale v\u00e1\u017en\u011b pot\u0159ebujete d\u016fm o 500 metrech? Nesta\u010dila by v\u00e1m polovina?M\u00edt hodn\u011b v\u011bc\u00ed neznamen\u00e1 \u0161t\u011bst\u00ed N\u011bkte\u0159\u00ed lid\u00e9 jsou p\u0159esv\u011bd\u010den\u00ed, \u017ee \u010d\u00edm v\u00edc v\u011bc\u00ed budou m\u00edt, t\u00edm bude jejich \u017eivot lep\u0161\u00ed. Jen\u017ee s v\u00edce v\u011bcmi naopak p\u0159ich\u00e1z\u00ed v\u00edce zodpov\u011bdnosti &#8211; mus\u00edte se o n\u011b starat aby byly \u010dist\u00e9 a aby fungovaly. K \u017eivotu toho v podstat\u011b sta\u010d\u00ed jen m\u00e1lo, a ur\u010dit\u011b dok\u00e1\u017eete \u017e\u00edt i v men\u0161\u00edm dom\u011b. Nehled\u011b na to, \u017ee s v\u011bt\u0161\u00ed nemovitost\u00ed jsou spojeny logicky vy\u0161\u0161\u00ed n\u00e1klady na \u00fadr\u017ebu, hlavn\u011b co se elekt\u0159iny a topen\u00ed t\u00fd\u010de.I v men\u0161\u00edch prostor\u00e1ch se d\u00e1 \u017e\u00edt pohodln\u011b. Jen je pot\u0159eba p\u0159em\u00fd\u0161let v\u00edc nad rozm\u00edst\u011bn\u00edm pokoj\u016f a n\u00e1bytku. P\u0159i tvorb\u011b nov\u00e9ho domu i bytu je pot\u0159eba zav\u010das p\u0159em\u00fd\u0161let nad dispozic\u00ed a vymyslet v\u0161echno tak, aby v\u0161ichni m\u011bli dostatek sv\u00e9ho soukrom\u00e9ho prostoru a aby spole\u010dn\u00e9 prostory byly maxim\u00e1ln\u011b vyu\u017eity. Pokud pat\u0159\u00edte mezi lidi, kte\u0159\u00ed necht\u011bj\u00ed obrovskou chodbu na \u00fakor obytn\u00fdch m\u00edstnost\u00ed, nebo pokud m\u00e1te m\u00e1lo prostoru pro klasick\u00e9 dve\u0159e, mus\u00edte vymyslet alternativu. Bez dve\u0159\u00ed se \u017eije \u0161patn\u011b, proto\u017ee d\u00edky nim m\u00e1me klid a svoje soukrom\u00ed. Pro takov\u00e9 p\u0159\u00edpady  https:\/\/www.ombudsman.europa.eu\/cs\/cases\/home.faces se skv\u011ble hod\u00ed posuvn\u00e9 dve\u0159e Bydesign. V sou\u010dasn\u00e9 dob\u011b jde dokonce o velmi modern\u00ed prvek bydlen\u00ed, a pokud si je nech\u00e1te vyrobit na m\u00edru sv\u00e9mu interi\u00e9ru, bude to jedine\u010dn\u00fd prvek, kter\u00fd va\u0161e bydlen\u00ed pozvedne o n\u011bkolik \u00farovn\u00ed v\u00fd\u0161.                                                                                                                                                                                                                                                                                                                                                                                          3.2\/5 - (5 votes)        "},{"@context":"https:\/\/schema.org\/","@type":"BreadcrumbList","itemListElement":[{"@type":"ListItem","position":1,"name":"Mal\u00fd prostor?","item":"https:\/\/www.bsbv.cz\/maly-prostor\/#breadcrumbitem"}]}]